{"id":529,"date":"2012-06-25T08:36:33","date_gmt":"2012-06-25T08:36:33","guid":{"rendered":"http:\/\/theos-welt.info\/?p=529"},"modified":"2012-06-25T08:36:33","modified_gmt":"2012-06-25T08:36:33","slug":"22-06-2012-loslassen","status":"publish","type":"post","link":"http:\/\/theos-welt.info\/?p=529","title":{"rendered":"22.06.2012- Loslassen"},"content":{"rendered":"<p>Nach grauen und waschk\u00fcche\u00e4hnlichen Tagen scheint heute endlich mal wieder die Sonne.\u00a0 Innere Leere, Traurigkeit, aufkommende Wut, Ratlosigkeit passen perfekt zum Wetter der letzten Tage.<\/p>\n<p>Die Familie ist seit gestern abend da. Angereist aus St. Petersburg, Franken, Berlin und Chemnitz. Wir sind froh uns in diesem Kreis fallen lassen zu k\u00f6nnen.<\/p>\n<p>13:30 Uhr beginnt die Trauerfeier. Unglaublich und so bewegend, dass wir von so vielen lieben und f\u00fcr uns wichtigen Menschen begleitet werden. Da f\u00e4llt es noch schwerer die Fassung zu bewahren, aber es macht den unvermeidlichen Gang leichter.<\/p>\n<p>Die Trauerfeier wird von einer Leichtigkeit getragen, die uns Mut und Kraft gibt, die n\u00e4chste Zeit zu \u00fcberstehen und den Blick nach vorn zu richten. Eine Freundin sagt&#8230;.es h\u00e4tte nur noch gefehlt, ein Schmetterling h\u00e4tte sich auf Theos Sarg niedergelassen&#8230;..<\/p>\n<p>Wir danken f\u00fcr die gro\u00dfe Anteilnahme und sind uns sicher, Theo w\u00e4re stolz so viele liebe Menschen zu kennen. Es ist verrr\u00fcckt, wie viele in seinen 39 Tagen mit dem Herzen und in Gedanken bei ihm waren. Danke!!!!!!!!!!!!!<\/p>\n<p><a href=\"http:\/\/theos-welt.info\/wp-content\/uploads\/2012\/06\/P1000165-e1340612094438.jpg\"><img loading=\"lazy\" decoding=\"async\" class=\"alignnone size-large wp-image-533\" title=\"P1000165\" src=\"http:\/\/theos-welt.info\/wp-content\/uploads\/2012\/06\/P1000165-e1340612094438-683x1024.jpg\" alt=\"\" width=\"640\" height=\"959\" \/><\/a><\/p>\n<p><a href=\"http:\/\/theos-welt.info\/wp-content\/uploads\/2012\/06\/P1000166.jpg\"><img loading=\"lazy\" decoding=\"async\" class=\"alignnone size-large wp-image-534\" title=\"P1000166\" src=\"http:\/\/theos-welt.info\/wp-content\/uploads\/2012\/06\/P1000166-1024x683.jpg\" alt=\"\" width=\"640\" height=\"426\" \/><\/a><\/p>\n<p>&nbsp;<\/p>\n<p><a href=\"http:\/\/theos-welt.info\/wp-content\/uploads\/2012\/06\/P1000197.jpg\"><img loading=\"lazy\" decoding=\"async\" class=\"alignnone size-large wp-image-537\" title=\"P1000197\" src=\"http:\/\/theos-welt.info\/wp-content\/uploads\/2012\/06\/P1000197-1024x683.jpg\" alt=\"\" width=\"640\" height=\"426\" \/><\/a><\/p>\n","protected":false},"excerpt":{"rendered":"<p>Nach grauen und waschk\u00fcche\u00e4hnlichen Tagen scheint heute endlich mal wieder die Sonne.\u00a0 Innere Leere, Traurigkeit, aufkommende Wut, Ratlosigkeit passen perfekt zum Wetter der letzten Tage. Die Familie ist seit gestern abend da. Angereist aus St. Petersburg, Franken, Berlin und Chemnitz. &hellip; <a href=\"http:\/\/theos-welt.info\/?p=529\">Weiterlesen <span class=\"meta-nav\">&rarr;<\/span><\/a><\/p>\n","protected":false},"author":1,"featured_media":0,"comment_status":"open","ping_status":"open","sticky":false,"template":"","format":"standard","meta":{"footnotes":""},"categories":[2],"tags":[],"class_list":["post-529","post","type-post","status-publish","format-standard","hentry","category-aktuell"],"_links":{"self":[{"href":"http:\/\/theos-welt.info\/index.php?rest_route=\/wp\/v2\/posts\/529","targetHints":{"allow":["GET"]}}],"collection":[{"href":"http:\/\/theos-welt.info\/index.php?rest_route=\/wp\/v2\/posts"}],"about":[{"href":"http:\/\/theos-welt.info\/index.php?rest_route=\/wp\/v2\/types\/post"}],"author":[{"embeddable":true,"href":"http:\/\/theos-welt.info\/index.php?rest_route=\/wp\/v2\/users\/1"}],"replies":[{"embeddable":true,"href":"http:\/\/theos-welt.info\/index.php?rest_route=%2Fwp%2Fv2%2Fcomments&post=529"}],"version-history":[{"count":0,"href":"http:\/\/theos-welt.info\/index.php?rest_route=\/wp\/v2\/posts\/529\/revisions"}],"wp:attachment":[{"href":"http:\/\/theos-welt.info\/index.php?rest_route=%2Fwp%2Fv2%2Fmedia&parent=529"}],"wp:term":[{"taxonomy":"category","embeddable":true,"href":"http:\/\/theos-welt.info\/index.php?rest_route=%2Fwp%2Fv2%2Fcategories&post=529"},{"taxonomy":"post_tag","embeddable":true,"href":"http:\/\/theos-welt.info\/index.php?rest_route=%2Fwp%2Fv2%2Ftags&post=529"}],"curies":[{"name":"wp","href":"https:\/\/api.w.org\/{rel}","templated":true}]}}